{"id":13190,"date":"2020-03-12T12:04:08","date_gmt":"2020-03-12T15:04:08","guid":{"rendered":"http:\/\/sindespe.org.br\/portal\/?p=13190"},"modified":"2024-01-15T14:13:26","modified_gmt":"2024-01-15T17:13:26","slug":"sindespe-e-ang-travel-viagens-firmam-parceria-inedita-para-afiliados","status":"publish","type":"post","link":"https:\/\/sindpenal.org.br\/portal\/sindespe-e-ang-travel-viagens-firmam-parceria-inedita-para-afiliados\/","title":{"rendered":"SINDESPE e ANG Travel Viagens firmam parceria in\u00e9dita para afiliados"},"content":{"rendered":"<p>No \u00faltimo dia 06\/03, o presidente do SINDESPE, Antonio Pereira Ramos, esteve na Ag\u00eancia de Viagens e Turismo ANG Travel para firmar uma parceria que ir\u00e1 oferecer v\u00e1rios benef\u00edcios aos afiliados do sindicato. De acordo com o presidente, todos os afiliados da entidade ter\u00e3o acesso a servi\u00e7os de viagens e turismos com condi\u00e7\u00f5es exclusivas.<\/p>\n<p>Localizada na cidade de Americana\/SP, na regi\u00e3o de Campinas, a ANG Travel \u00e9 formada por profissionais com mais de 20 anos de experi\u00eancia no segmento de turismo, oferecendo solu\u00e7\u00f5es de viagens e turismo como passagens \u00e1reas, reservas de hot\u00e9is, cruzeiros e pacotes personalizados com melhor custo benef\u00edcio para seus clientes, para qualquer destino do mundo.<\/p>\n<p>&nbsp;<\/p>\n<p>Segundo F\u00e1bio Antonucci, Diretor Comercial da ag\u00eancia ANG Travel, a parceria ir\u00e1 permitir que os afiliados ao SINDESPE, residentes em qualquer cidade do estado de S\u00e3o Paulo, tenham v\u00e1rias vantagens e benef\u00edcios como:<\/p>\n<p>&#8211; Canal de atendimento exclusivo;<br \/>\n&#8211; Cobertura de tarifas de passagens a\u00e9reas e hospedagens perante a concorr\u00eancia;<br \/>\n&#8211; Seguro Viagem gr\u00e1tis;<\/p>\n<h2>Canal exclusivo para afiliados<\/h2>\n<p>Para os afiliados do SINDESPE que tiverem interesse em obter mais informa\u00e7\u00f5es ou queiram realizar uma cota\u00e7\u00e3o, foi criado um canal de atendimento exclusivo no site da ANG Travel, pelo link: <a href=\"https:\/\/angtravel.com.br\/sindespe\" target=\"_blank\" rel=\"noopener\">www.angtravel.com.br\/sindespe<\/a> que disp\u00f5e de mais informa\u00e7\u00f5es como contatos, e um formul\u00e1rio para o colhimento de informa\u00e7\u00f5es necess\u00e1rias para a cota\u00e7\u00e3o de viagens e passeios.<br \/>\nPara garantir qualquer tipo de condi\u00e7\u00e3o, ser\u00e1 necess\u00e1rio que o afiliado forne\u00e7a o seu n\u00famero de RS v\u00e1lido.<\/p>\n","protected":false},"excerpt":{"rendered":"<p>No \u00faltimo dia 06\/03, o presidente do SINDESPE, Antonio Pereira Ramos, esteve na Ag\u00eancia de Viagens e Turismo ANG Travel para firmar uma parceria que ir\u00e1 oferecer v\u00e1rios benef\u00edcios aos afiliados do sindicato. De acordo com o presidente, todos os afiliados da entidade ter\u00e3o acesso a servi\u00e7os de viagens e turismos com condi\u00e7\u00f5es exclusivas. Localizada na cidade de Americana\/SP, na regi\u00e3o de Campinas, a ANG Travel \u00e9 formada por profissionais&#8230;<\/p>\n","protected":false},"author":2,"featured_media":13213,"comment_status":"closed","ping_status":"closed","sticky":false,"template":"","format":"standard","meta":{"footnotes":"","_joinchat":[]},"categories":[76],"tags":[],"views":2179,"_links":{"self":[{"href":"https:\/\/sindpenal.org.br\/portal\/wp-json\/wp\/v2\/posts\/13190"}],"collection":[{"href":"https:\/\/sindpenal.org.br\/portal\/wp-json\/wp\/v2\/posts"}],"about":[{"href":"https:\/\/sindpenal.org.br\/portal\/wp-json\/wp\/v2\/types\/post"}],"author":[{"embeddable":true,"href":"https:\/\/sindpenal.org.br\/portal\/wp-json\/wp\/v2\/users\/2"}],"replies":[{"embeddable":true,"href":"https:\/\/sindpenal.org.br\/portal\/wp-json\/wp\/v2\/comments?post=13190"}],"version-history":[{"count":19,"href":"https:\/\/sindpenal.org.br\/portal\/wp-json\/wp\/v2\/posts\/13190\/revisions"}],"predecessor-version":[{"id":21883,"href":"https:\/\/sindpenal.org.br\/portal\/wp-json\/wp\/v2\/posts\/13190\/revisions\/21883"}],"wp:featuredmedia":[{"embeddable":true,"href":"https:\/\/sindpenal.org.br\/portal\/wp-json\/wp\/v2\/media\/13213"}],"wp:attachment":[{"href":"https:\/\/sindpenal.org.br\/portal\/wp-json\/wp\/v2\/media?parent=13190"}],"wp:term":[{"taxonomy":"category","embeddable":true,"href":"https:\/\/sindpenal.org.br\/portal\/wp-json\/wp\/v2\/categories?post=13190"},{"taxonomy":"post_tag","embeddable":true,"href":"https:\/\/sindpenal.org.br\/portal\/wp-json\/wp\/v2\/tags?post=13190"}],"curies":[{"name":"wp","href":"https:\/\/api.w.org\/{rel}","templated":true}]}}