{"id":13653,"date":"2020-06-16T19:09:40","date_gmt":"2020-06-16T22:09:40","guid":{"rendered":"http:\/\/sindespe.org.br\/portal\/?p=13653"},"modified":"2020-06-17T10:02:35","modified_gmt":"2020-06-17T13:02:35","slug":"exclusivo-coronel-restivo-confirma-doacao-armas-para-acautelamento-todos-policiais-penais-aevps","status":"publish","type":"post","link":"https:\/\/sindpenal.org.br\/portal\/exclusivo-coronel-restivo-confirma-doacao-armas-para-acautelamento-todos-policiais-penais-aevps\/","title":{"rendered":"Exclusivo &#8211; Coronel Restivo confirma doa\u00e7\u00e3o de armas para acautelamento a todos Policiais Penais &#8220;AEVP&#8221;s."},"content":{"rendered":"<p>Em reuni\u00e3o na data de hoje, 16 de junho de 2020, o sindicato &#8220;SINDESPE&#8217; , representado pelo seu presidente Antonio Pereira Ramos e o diretor Shelley Xavier Raimundo, foram recebidos pelo Secret\u00e1rio da Administra\u00e7\u00e3o Penitenci\u00e1ria, Senhor Nivaldo Cesar Restivo, para tratar de diversos assuntos de interesse dos Agentes de Escolta e Vigil\u00e2ncia Penitenci\u00e1ria &#8220;AEVP&#8221;s dentre os assuntos est\u00e3o a implanta\u00e7\u00e3o da Pol\u00edcia Penal e o acautelamento de arma de fogo.<\/p>\n<p><strong>Um grande avan\u00e7o, coronel Restivo confirma parceria com Pol\u00edcia Militar do Estado e a doa\u00e7\u00e3o de armas para a \u201cSAP\u201d, a \u201cPM\u201d vai receber 45.000 mil armas, e as armas &#8220;PT.40&#8221;\u00a0 24\/7 , 640 e 840 , ser\u00e3o doadas \u00a0para \u201cSAP\u201dconforme acordado\u00a0 com o comandante da corpora\u00e7\u00e3o Coronel Alencar, a quantidade fornecida ser\u00e1 o n\u00famero suficiente para atender as necessidades do acautelamento de todos os \u201cAEVP\u201d s (policiais penais) respons\u00e1veis pela guarda das muralhas e escolta de presos .<\/strong><\/p>\n<p><a href=\"https:\/\/sindpenal.org.br\/portal\/wp-content\/uploads\/2020\/06\/PT-vinte-quatro-barra-sete-e1592345350699.jpg\"><img loading=\"lazy\" decoding=\"async\" class=\"aligncenter size-full wp-image-13667\" src=\"https:\/\/sindpenal.org.br\/portal\/wp-content\/uploads\/2020\/06\/PT-vinte-quatro-barra-sete-e1592345350699.jpg\" alt=\"PT-vinte quatro barra sete\" width=\"200\" height=\"248\" \/><\/a><\/p>\n<p><strong>Todas as armas est\u00e3o em perfeito funcionamento\u00a0 e passaram por &#8220;RECALL&#8221; da Taurus e sofrer\u00e3o nova revis\u00e3o de funcionamento antes de serem entregues a &#8220;SAP&#8221; dentro da checagem de material b\u00e9lico.<\/strong><\/p>\n<p>&nbsp;<\/p>\n<p><a href=\"https:\/\/sindpenal.org.br\/portal\/wp-content\/uploads\/2020\/06\/WhatsApp-Image-2020-06-16-at-3.17.27-PM-e1592331873271.jpeg\"><img loading=\"lazy\" decoding=\"async\" class=\"aligncenter size-large wp-image-13656\" src=\"https:\/\/sindpenal.org.br\/portal\/wp-content\/uploads\/2020\/06\/WhatsApp-Image-2020-06-16-at-3.17.27-PM-800x400.jpeg\" alt=\"WhatsApp Image 2020-06-16 at 3.17.27 PM\" width=\"640\" height=\"320\" \/><\/a><\/p>\n<p><strong>Pol\u00edcia Penal do Estado de S\u00e3o Paulo faltam alguns detalhes.<\/strong><\/p>\n<p>O Secret\u00e1rio informou que a PEC que cria a Pol\u00edcia Penal estadual voltou da Casa Civil para a SAP, para que a consultoria jur\u00eddica da secretaria apresente melhores\u00a0<strong>exposi\u00e7\u00f5es de motivos<\/strong>\u00a0para a cria\u00e7\u00e3o da Pol\u00edcia Penal, depois deste passo burocr\u00e1tico a PEC ser\u00e1 enviada novamente \u00e0 Casa Civil para que seja analisada e enviada ao Governador para que o mesmo encaminhe para a <strong>Alesp<\/strong> e haja a vota\u00e7\u00e3o. O secret\u00e1rio informou tamb\u00e9m que c\u00f3pia da PEC j\u00e1 foi enviada a v\u00e1rios Estados como sugest\u00e3o de modelo a ser seguido.<\/p>\n<p>O Secret\u00e1rio deixou claro tamb\u00e9m que o andamento de cria\u00e7\u00e3o da Pol\u00edcia Penal, n\u00e3o vai parar devido a Lei Complementar 173 do Governo Federal que pro\u00edbe os Estados de criarem gastos com os servidores e concederem aumento salarial para os funcion\u00e1rios p\u00fablicos, pois a transforma\u00e7\u00e3o dos AEVPs em Policiais Penais, obtendo assim equipara\u00e7\u00e3o salarial com os ASPs\u00a0<strong>(pois todos ser\u00e3o<\/strong>\u00a0<strong>POLICIAIS PENAIS)<\/strong>, poderia ser considerada como promo\u00e7\u00e3o ou progress\u00e3o da carreira, n\u00e3o sendo assim atingida pela Lei Federal.<\/p>\n<p>Por isso o SINDESPE refor\u00e7ou mais uma vez ao Secret\u00e1rio a import\u00e2ncia da continuidade dos trabalhos de cria\u00e7\u00e3o da Pol\u00edcia Penal.<\/p>\n<p>&nbsp;<\/p>\n<p><a href=\"https:\/\/sindpenal.org.br\/portal\/wp-content\/uploads\/2020\/06\/WhatsApp-Image-2020-06-16-at-3.17.28-PM-e1592331898967.jpeg\"><img loading=\"lazy\" decoding=\"async\" class=\"aligncenter size-large wp-image-13657\" src=\"https:\/\/sindpenal.org.br\/portal\/wp-content\/uploads\/2020\/06\/WhatsApp-Image-2020-06-16-at-3.17.28-PM-800x400.jpeg\" alt=\"WhatsApp Image 2020-06-16 at 3.17.28 PM\" width=\"640\" height=\"320\" \/><\/a><\/p>\n<p><strong>Outro avan\u00e7o \u00e9 que os &#8220;AEVP&#8221;s poder\u00e3o vir de suas resid\u00eancias armados, adentrarem ao corpo da guarda em condi\u00e7\u00f5es de assumir o trabalho, o presidente destacou que mais d\u00e1 rapidez no trabalho, menos risco no manuseio, sem filas para se armar, enfim quem ganha \u00e9 administra\u00e7\u00e3o p\u00fablica.<\/strong><\/p>\n<p><a href=\"https:\/\/sindpenal.org.br\/portal\/wp-content\/uploads\/2020\/06\/WhatsApp-Image-2020-06-16-at-3.17.29-PM-e1592331914350.jpeg\"><img loading=\"lazy\" decoding=\"async\" class=\"aligncenter size-large wp-image-13658\" src=\"https:\/\/sindpenal.org.br\/portal\/wp-content\/uploads\/2020\/06\/WhatsApp-Image-2020-06-16-at-3.17.29-PM-800x400.jpeg\" alt=\"WhatsApp Image 2020-06-16 at 3.17.29 PM\" width=\"640\" height=\"320\" \/><\/a>Vale ressaltar que a &#8220;SAP&#8221; Secretaria de Administra\u00e7\u00e3o Penitenci\u00e1ria, j\u00e1 possui uma quantidade de armas para acautelamento, ou seja, apenas vai preencher o que falta.<\/p>\n<p><strong>O presidente agradece o grupo de trabalho &#8220;PDO&#8221; parlamentares em defesa do or\u00e7amento da Assembleia Legislativa de S\u00e3o Paulo &#8220;ALESP&#8221; pelo apoio ao nosso trabalho e pela gest\u00e3o junto ao secret\u00e1rio da pasta.<\/strong><\/p>\n","protected":false},"excerpt":{"rendered":"<p>Em reuni\u00e3o na data de hoje, 16 de junho de 2020, o sindicato &#8220;SINDESPE&#8217; , representado pelo seu presidente Antonio Pereira Ramos e o diretor Shelley Xavier Raimundo, foram recebidos pelo Secret\u00e1rio da Administra\u00e7\u00e3o Penitenci\u00e1ria, Senhor Nivaldo Cesar Restivo, para tratar de diversos assuntos de interesse dos Agentes de Escolta e Vigil\u00e2ncia Penitenci\u00e1ria &#8220;AEVP&#8221;s dentre os assuntos est\u00e3o a implanta\u00e7\u00e3o da Pol\u00edcia Penal e o acautelamento de arma de fogo&#8230;.<\/p>\n","protected":false},"author":2,"featured_media":13656,"comment_status":"closed","ping_status":"closed","sticky":false,"template":"","format":"standard","meta":{"footnotes":"","_joinchat":[]},"categories":[1],"tags":[],"views":34180,"_links":{"self":[{"href":"https:\/\/sindpenal.org.br\/portal\/wp-json\/wp\/v2\/posts\/13653"}],"collection":[{"href":"https:\/\/sindpenal.org.br\/portal\/wp-json\/wp\/v2\/posts"}],"about":[{"href":"https:\/\/sindpenal.org.br\/portal\/wp-json\/wp\/v2\/types\/post"}],"author":[{"embeddable":true,"href":"https:\/\/sindpenal.org.br\/portal\/wp-json\/wp\/v2\/users\/2"}],"replies":[{"embeddable":true,"href":"https:\/\/sindpenal.org.br\/portal\/wp-json\/wp\/v2\/comments?post=13653"}],"version-history":[{"count":17,"href":"https:\/\/sindpenal.org.br\/portal\/wp-json\/wp\/v2\/posts\/13653\/revisions"}],"predecessor-version":[{"id":13675,"href":"https:\/\/sindpenal.org.br\/portal\/wp-json\/wp\/v2\/posts\/13653\/revisions\/13675"}],"wp:featuredmedia":[{"embeddable":true,"href":"https:\/\/sindpenal.org.br\/portal\/wp-json\/wp\/v2\/media\/13656"}],"wp:attachment":[{"href":"https:\/\/sindpenal.org.br\/portal\/wp-json\/wp\/v2\/media?parent=13653"}],"wp:term":[{"taxonomy":"category","embeddable":true,"href":"https:\/\/sindpenal.org.br\/portal\/wp-json\/wp\/v2\/categories?post=13653"},{"taxonomy":"post_tag","embeddable":true,"href":"https:\/\/sindpenal.org.br\/portal\/wp-json\/wp\/v2\/tags?post=13653"}],"curies":[{"name":"wp","href":"https:\/\/api.w.org\/{rel}","templated":true}]}}