{"id":23937,"date":"2025-07-30T13:33:17","date_gmt":"2025-07-30T16:33:17","guid":{"rendered":"https:\/\/sindpenal.org.br\/portal\/?p=23937"},"modified":"2025-07-30T13:45:44","modified_gmt":"2025-07-30T16:45:44","slug":"sindpenal-se-reune-com-o-diretor-geral-da-policia-penal-para-tratar-de-assuntos-relevantes-para-os-policiais-penais","status":"publish","type":"post","link":"https:\/\/sindpenal.org.br\/portal\/sindpenal-se-reune-com-o-diretor-geral-da-policia-penal-para-tratar-de-assuntos-relevantes-para-os-policiais-penais\/","title":{"rendered":"SINDPENAL se re\u00fane com o Diretor Geral da Pol\u00edcia Penal para tratar de assuntos relevantes para os Policiais Penais"},"content":{"rendered":"<p><strong>Estiveram reunidos hoje, 30 de julho, na sede da Pol\u00edcia Penal, o SINDPENAL na figura de seus representantes, Antonio Pereira, Renato Mingardi e Den\u00edlson Fonseca, juntamente com o Diretor Geral da Pol\u00edcia Penal, Sr. Rodrigo Santos Andrade e os Diretores de setores da institui\u00e7\u00e3o Paulo Cordeiro e Helber.<\/strong><\/p>\n<p><a href=\"https:\/\/sindpenal.org.br\/portal\/sindpenal-se-reune-com-o-diretor-geral-da-policia-penal-para-tratar-de-assuntos-relevantes-para-os-policiais-penais\/whatsapp-image-2025-07-30-at-12-18-38-1\/\" rel=\"attachment wp-att-23939\"><img loading=\"lazy\" decoding=\"async\" class=\"aligncenter size-large wp-image-23939\" src=\"https:\/\/sindpenal.org.br\/portal\/wp-content\/uploads\/2025\/07\/WhatsApp-Image-2025-07-30-at-12.18.38-1-800x450.jpeg\" alt=\"\" width=\"640\" height=\"360\" srcset=\"https:\/\/sindpenal.org.br\/portal\/wp-content\/uploads\/2025\/07\/WhatsApp-Image-2025-07-30-at-12.18.38-1-800x450.jpeg 800w, https:\/\/sindpenal.org.br\/portal\/wp-content\/uploads\/2025\/07\/WhatsApp-Image-2025-07-30-at-12.18.38-1-300x169.jpeg 300w, https:\/\/sindpenal.org.br\/portal\/wp-content\/uploads\/2025\/07\/WhatsApp-Image-2025-07-30-at-12.18.38-1-768x432.jpeg 768w, https:\/\/sindpenal.org.br\/portal\/wp-content\/uploads\/2025\/07\/WhatsApp-Image-2025-07-30-at-12.18.38-1.jpeg 1280w\" sizes=\"(max-width: 640px) 100vw, 640px\" \/><\/a><\/p>\n<p>Primeiramente o DGPP, Senhor Rodrigo, deixou claro que ouve um erro de comunica\u00e7\u00e3o entre funcion\u00e1rios do sindicato e da Pol\u00edcia Penal, causando o problema de agendamento da reuni\u00e3o, mas que reafirma sua palavra desde a primeira reuni\u00e3o, em que suas portas est\u00e3o abertas para qualquer entidade representativa dos Policiais Penais. Com isso o presidente do SINDPENAL, Sr. Antonio, agradeceu ao DGPP pela oportunidade da reuni\u00e3o com a Diretoria Geral da Pol\u00edcia Penal.<\/p>\n<p>Dentre os assuntos tratados, est\u00e1 a pauta abaixo;<\/p>\n<p><a href=\"https:\/\/sindpenal.org.br\/portal\/sindpenal-se-reune-com-o-diretor-geral-da-policia-penal-para-tratar-de-assuntos-relevantes-para-os-policiais-penais\/pauta-2\/\" rel=\"attachment wp-att-23940\"><img loading=\"lazy\" decoding=\"async\" class=\"aligncenter size-large wp-image-23940\" src=\"https:\/\/sindpenal.org.br\/portal\/wp-content\/uploads\/2025\/07\/pauta-800x493.jpg\" alt=\"\" width=\"640\" height=\"394\" srcset=\"https:\/\/sindpenal.org.br\/portal\/wp-content\/uploads\/2025\/07\/pauta-800x493.jpg 800w, https:\/\/sindpenal.org.br\/portal\/wp-content\/uploads\/2025\/07\/pauta-300x185.jpg 300w, https:\/\/sindpenal.org.br\/portal\/wp-content\/uploads\/2025\/07\/pauta-768x473.jpg 768w, https:\/\/sindpenal.org.br\/portal\/wp-content\/uploads\/2025\/07\/pauta.jpg 838w\" sizes=\"(max-width: 640px) 100vw, 640px\" \/><\/a><\/p>\n<p><strong>Muitas das quest\u00f5es e den\u00fancias apresentadas pelo sindicato, ser\u00e3o respondidas oficialmente de forma t\u00e9cnica atrav\u00e9s de of\u00edcio da Pol\u00edcia Penal endere\u00e7ado ao SINDPENAL.<\/strong><\/p>\n<p>O DGPP, Senhor Rodrigo deixou claro que a determina\u00e7\u00e3o do desmonte dos Corpos da Guarda em algumas unidades prisionais e Bases de escolta, n\u00e3o partiu dele e nem da SAP, foi ato isolado de alguns Dirigentes de Unidades Prisionais e Coordenadores, e pediu para que o sindicato apresente os nomes das unidades em que ocorreram estes fatos para que sejam tomadas as devidas provid\u00eancias.<\/p>\n<p style=\"text-align: center;\"><strong>&#8221; O SINDPENAL pede para que seus filiados enviem para o sindicato o nome de todas as unidade em que a Diretoria Geral est\u00e1 tentando desmontar a estrutura dos Corpos da Guarda, pois a lista ser\u00e1 enviada ao DGPP&#8221;<\/strong><\/p>\n<p>O DGPP afirmou que as mudan\u00e7as e integra\u00e7\u00e3o entre as carreiras deve ocorrer de forma gradativa e levar um bom tempo ainda e est\u00e1 aberto a sugest\u00f5es de melhoria nesta transi\u00e7\u00e3o. Reafirmou que preza pelo bom andamento dos trabalhos e que todos os servidores tem sua devida import\u00e2ncia dentro da Pol\u00edcia Penal.<\/p>\n<p>O Senhor Antonio expressou ao DGPP sua preocupa\u00e7\u00e3o em rela\u00e7\u00e3o a diferen\u00e7a de tratamento recebido pelos Policiais Penais dentro das unidades prisionais e destacou que a <strong>Lei deve ser a mesma para todos os servidores.<\/strong><\/p>\n<p>Em rela\u00e7\u00e3o aos coletes bal\u00edsticos vencidos o Senhor Rodrigo disse que o sindicato deveria ter levado imediatamente o assunto \u00e0 institui\u00e7\u00e3o para que as provid\u00eancias fossem tomadas, e o Presidente do SINDPENAL reafirmou que devido \u00e0 experi\u00eancias anteriores, poucas den\u00fancias apresentadas, s\u00e3o realmente sanadas pela Secretaria e que a m\u00eddia j\u00e1 tinha as informa\u00e7\u00f5es dos coletes vencidos antes mesmo do sindicato.<\/p>\n<p>Na quest\u00e3o do acautelamento das armas, o DGPP disse que o processo est\u00e1 bem adiantado e que faltam apenas a aquisi\u00e7\u00e3o de coldres espec\u00edficos para as pistolas Springfield para dar continuidade aos processos de acautelamento.<\/p>\n<p>A reuni\u00e3o durou cerca de 2 horas e ficou clara, por parte da Diretoria Geral da Pol\u00edcia Penal, a preocupa\u00e7\u00e3o em fornecer melhorias para o trabalho dos Policiais Penais e que muitas novidades positivas vir\u00e3o pela frente.<\/p>\n<p>O SINDPENAL agradece ao DGPP, Sr. Rodrigo pela recep\u00e7\u00e3o e esclarecimento de muitas d\u00favidas.<\/p>\n<p>Posteriormente ser\u00e3o publicadas outras mat\u00e9rias sobre os assuntos tratados na reuni\u00e3o<\/p>\n","protected":false},"excerpt":{"rendered":"<p>Estiveram reunidos hoje, 30 de julho, na sede da Pol\u00edcia Penal, o SINDPENAL na figura de seus representantes, Antonio Pereira, Renato Mingardi e Den\u00edlson Fonseca, juntamente com o Diretor Geral da Pol\u00edcia Penal, Sr. Rodrigo Santos Andrade e os Diretores de setores da institui\u00e7\u00e3o Paulo Cordeiro e Helber. Primeiramente o DGPP, Senhor Rodrigo, deixou claro que ouve um erro de comunica\u00e7\u00e3o entre funcion\u00e1rios do sindicato e da Pol\u00edcia Penal, causando&#8230;<\/p>\n","protected":false},"author":2,"featured_media":23938,"comment_status":"closed","ping_status":"closed","sticky":false,"template":"","format":"standard","meta":{"footnotes":"","_joinchat":[]},"categories":[1],"tags":[],"views":4002,"_links":{"self":[{"href":"https:\/\/sindpenal.org.br\/portal\/wp-json\/wp\/v2\/posts\/23937"}],"collection":[{"href":"https:\/\/sindpenal.org.br\/portal\/wp-json\/wp\/v2\/posts"}],"about":[{"href":"https:\/\/sindpenal.org.br\/portal\/wp-json\/wp\/v2\/types\/post"}],"author":[{"embeddable":true,"href":"https:\/\/sindpenal.org.br\/portal\/wp-json\/wp\/v2\/users\/2"}],"replies":[{"embeddable":true,"href":"https:\/\/sindpenal.org.br\/portal\/wp-json\/wp\/v2\/comments?post=23937"}],"version-history":[{"count":13,"href":"https:\/\/sindpenal.org.br\/portal\/wp-json\/wp\/v2\/posts\/23937\/revisions"}],"predecessor-version":[{"id":23953,"href":"https:\/\/sindpenal.org.br\/portal\/wp-json\/wp\/v2\/posts\/23937\/revisions\/23953"}],"wp:featuredmedia":[{"embeddable":true,"href":"https:\/\/sindpenal.org.br\/portal\/wp-json\/wp\/v2\/media\/23938"}],"wp:attachment":[{"href":"https:\/\/sindpenal.org.br\/portal\/wp-json\/wp\/v2\/media?parent=23937"}],"wp:term":[{"taxonomy":"category","embeddable":true,"href":"https:\/\/sindpenal.org.br\/portal\/wp-json\/wp\/v2\/categories?post=23937"},{"taxonomy":"post_tag","embeddable":true,"href":"https:\/\/sindpenal.org.br\/portal\/wp-json\/wp\/v2\/tags?post=23937"}],"curies":[{"name":"wp","href":"https:\/\/api.w.org\/{rel}","templated":true}]}}