{"id":24284,"date":"2026-02-02T09:24:28","date_gmt":"2026-02-02T12:24:28","guid":{"rendered":"https:\/\/sindpenal.org.br\/portal\/?p=24284"},"modified":"2026-02-02T09:28:48","modified_gmt":"2026-02-02T12:28:48","slug":"concurso-de-policial-penal-com-nivel-superior-mas-com-salario-de-nivel-medio-e-unificacao-dos-cargos-explica-a-baixa-procura-pelo-concurso-publico","status":"publish","type":"post","link":"https:\/\/sindpenal.org.br\/portal\/concurso-de-policial-penal-com-nivel-superior-mas-com-salario-de-nivel-medio-e-unificacao-dos-cargos-explica-a-baixa-procura-pelo-concurso-publico\/","title":{"rendered":"Concurso de Policial Penal com n\u00edvel superior mas com sal\u00e1rio de n\u00edvel m\u00e9dio e unifica\u00e7\u00e3o dos cargos, explica a baixa procura pelo concurso p\u00fablico."},"content":{"rendered":"<p>O <strong>SINDPENAL<\/strong> quando se posicionou a favor de n\u00edvel superior\u00a0 para o cargo\u00a0 de Policial Penal no estado de S\u00e3o Paulo, pensou em melhorias para a categoria, com sal\u00e1rios mais atrativos para preenchimento dos cargos vagos para os pr\u00f3ximos concursos, o que n\u00e3o aconteceu de fato, naquele momento os sal\u00e1rios estavam sendo transformados em subs\u00eddio, n\u00e3o sab\u00edamos o que estava para acontecer, acredit\u00e1vamos em melhorias com a unifica\u00e7\u00e3o das duas categorias (Agentes de Seguran\u00e7a Penitenci\u00e1ria e Agentes de Escolta e V. Penitenci\u00e1ria).<\/p>\n<p><strong>A Pol\u00edcia Militar de S\u00e3o Paulo registrou 57.967 inscritos (2025) para o cargo de soldado de 2\u00aa classe, que exigiu n\u00edvel m\u00e9dio. Os dados s\u00e3o da Funda\u00e7\u00e3o Vunesp.<\/strong><\/p>\n<p><strong>O Concurso para Policial Penal (2025) do Estado de S\u00e3o Paulo registrou cerca de de 5 mil inscritos para disputar uma vaga no cargo<\/strong><strong>.<\/strong><\/p>\n<p><a href=\"https:\/\/folha.qconcursos.com\/n\/concurso-penal-sp-2026-inscritos\">https:\/\/folha.qconcursos.com\/n\/concurso-penal-sp-2026-inscritos<\/a><\/p>\n<p><strong>O Estado que faz divisa com S\u00e3o Paulo, domingo 25 de janeiro de 2026, foram realizadas as provas objetiva\u00a0 e reda\u00e7\u00e3o do concurso p\u00fablico da<\/strong> <b>Pol\u00edcia Penal de Minas Gerais<\/b>. <strong>Ao todo, 146.321 candidatos inscritos disputam 1.178<\/strong> <strong>vagas para homens e mulheres. Desse total, 907 vagas s\u00e3o destinadas aos homens, incluindo 91 para Pessoas com Defici\u00eancia (PcD), e 271 para mulheres, sendo 27 reservadas a PcD.<\/strong><\/p>\n<p>Acreditamos que a mudan\u00e7a para n\u00edvel superior foi um equ\u00edvoco por parte do Governo, que vai ter dificuldades em preencher as vagas com uma das menores concorr\u00eancias vista para \u00e1rea de seguran\u00e7a p\u00fablica nos \u00faltimos anos.<\/p>\n<p>O Governo est\u00e1 diante de um grande problema, a situa\u00e7\u00e3o dos atuais policiais penais, sem efetivo, sal\u00e1rio digno e com a unifica\u00e7\u00e3o dos cargos antigos (AEVP\/ASP) piorou muito a vida dos servidores que est\u00e3o diante de\u00a0 um problema nunca visto at\u00e9 o momento, podemos dizer que vida funcional com estresse pode trazer s\u00e9rios problemas com a sa\u00fade, aumento de licen\u00e7as e afastamentos entre outros transtornos.<\/p>\n<p><strong>Est\u00e1 semana o departamento jur\u00eddico junto com a diretoria vai finalizar um documento que ser\u00e1 enviado ao Minist\u00e9rio P\u00fablico (MP) questionando o caos que se encontra os antigos (AEVPs) com a transforma\u00e7\u00e3o e unifica\u00e7\u00e3o dos cargos que est\u00e3o colocando sua vida e a sa\u00fade em risco.<\/strong><\/p>\n<p>S\u00e3o v\u00e1rias den\u00fancias que chegam todos os dias, o descontentamento \u00e9 geral.<\/p>\n<div class=\"Y3BBE\" data-sfc-cp=\"\" data-hveid=\"CAEIABAF\"><strong>As principais consequ\u00eancias do novo cargo de Policial Penal &#8211; SP, estresse que incluem:<\/strong><\/div>\n<ul class=\"KsbFXc U6u95\">\n<li style=\"list-style-type: none;\">\n<ul class=\"KsbFXc U6u95\">\n<li data-hveid=\"CAEIABAH\"><span class=\"T286Pc\" data-sfc-cp=\"\"><strong class=\"Yjhzub\">Problemas F\u00edsicos:<\/strong><\/span>\n<ul class=\"KsbFXc U6u95\">\n<li style=\"list-style-type: none;\">\n<ul class=\"KsbFXc U6u95\">\n<li data-hveid=\"CAEIABAI\"><span class=\"T286Pc\" data-sfc-cp=\"\"><strong class=\"Yjhzub\">Cora\u00e7\u00e3o e Sangue:<\/strong>\u00a0Hipertens\u00e3o arterial, taquicardia, maior risco de infarto e derrame.<\/span><\/li>\n<li data-hveid=\"CAEIABAJ\"><span class=\"T286Pc\" data-sfc-cp=\"\"><strong class=\"Yjhzub\">Sistema Digestivo:<\/strong><\/span>\n<div id=\"sdh_QRB-aevZCePC5OUP2s7MoA4_1\">\u00a0Gastrite, \u00falceras, s\u00edndrome do intestino irrit\u00e1vel, pris\u00f5es de ventre e dores abdominais<\/div>\n<\/li>\n<\/ul>\n<\/li>\n<\/ul>\n<div><\/div>\n<\/li>\n<li data-hveid=\"CAEIARAA\"><span class=\"T286Pc\" data-sfc-cp=\"\"><strong class=\"Yjhzub\">M\u00fasculos e Nervos:<\/strong>\u00a0Tens\u00e3o muscular, dores de cabe\u00e7a, enxaqueca, formigamento e bruxismo.<\/span>\n<div><\/div>\n<\/li>\n<li data-hveid=\"CAEIAhAA\"><span class=\"T286Pc\" data-sfc-cp=\"\"><strong class=\"Yjhzub\">Imunidade e Pele:<\/strong>\u00a0Baixa imunidade, infec\u00e7\u00f5es frequentes, resfriados, alergias e psor\u00edase.<\/span>\n<div><\/div>\n<\/li>\n<li data-hveid=\"CAEIAxAA\"><span class=\"T286Pc\" data-sfc-cp=\"\"><strong class=\"Yjhzub\">Metabolismo:<\/strong>\u00a0Altera\u00e7\u00f5es no apetite (comer mais ou menos) e ganho ou perda de peso.<\/span><\/li>\n<\/ul>\n<\/li>\n<\/ul>\n<div id=\"sdh_QRB-aevZCePC5OUP2s7MoA4_6\">\n<ul>\n<li data-hveid=\"CAEIBBAA\"><span class=\"T286Pc\" data-sfc-cp=\"\"><strong class=\"Yjhzub\">Problemas Mentais e Emocionais:<\/strong><\/span>\n<ul class=\"KsbFXc U6u95\">\n<li data-hveid=\"CAEIBBAB\"><span class=\"T286Pc\" data-sfc-cp=\"\">Ansiedade, depress\u00e3o e transtornos de humor.<\/span><\/li>\n<li data-hveid=\"CAEIBBAC\"><span class=\"T286Pc\" data-sfc-cp=\"\">Esgotamento (Burnout), cansa\u00e7o constante e falta de interesse.<\/span><\/li>\n<li data-hveid=\"CAEIBBAD\"><span class=\"T286Pc\" data-sfc-cp=\"\">Dificuldade de concentra\u00e7\u00e3o e problemas de mem\u00f3ria.<\/span><\/li>\n<\/ul>\n<\/li>\n<\/ul>\n<\/div>\n<div id=\"sdh_QRB-aevZCePC5OUP2s7MoA4_7\">\n<ul>\n<li data-hveid=\"CAEIBRAA\"><span class=\"T286Pc\" data-sfc-cp=\"\"><strong class=\"Yjhzub\">Altera\u00e7\u00f5es Comportamentais:<\/strong><\/span>\n<ul class=\"KsbFXc U6u95\">\n<li data-hveid=\"CAEIBRAB\"><span class=\"T286Pc\" data-sfc-cp=\"\">Dist\u00farbios do sono (ins\u00f4nia ou dormir demais).<\/span><\/li>\n<li data-hveid=\"CAEIBRAC\"><span class=\"T286Pc\" data-sfc-cp=\"\">Aumento do uso de subst\u00e2ncias (\u00e1lcool, tabaco).<\/span><span class=\"uJ19be notranslate\" data-wiz-uids=\"qlSV3d_4g,qlSV3d_4h\"><span class=\"vKEkVd\" data-animation-atomic=\"\" data-wiz-attrbind=\"class=qlSV3d_4f\/TKHnVd\">\u00a0<\/span><\/span><\/li>\n<\/ul>\n<\/li>\n<\/ul>\n<\/div>\n<p>&nbsp;<\/p>\n<p>&nbsp;<\/p>\n<p>&nbsp;<\/p>\n<p>&nbsp;<\/p>\n<p>&nbsp;<\/p>\n","protected":false},"excerpt":{"rendered":"<p>O SINDPENAL quando se posicionou a favor de n\u00edvel superior\u00a0 para o cargo\u00a0 de Policial Penal no estado de S\u00e3o Paulo, pensou em melhorias para a categoria, com sal\u00e1rios mais atrativos para preenchimento dos cargos vagos para os pr\u00f3ximos concursos, o que n\u00e3o aconteceu de fato, naquele momento os sal\u00e1rios estavam sendo transformados em subs\u00eddio, n\u00e3o sab\u00edamos o que estava para acontecer, acredit\u00e1vamos em melhorias com a unifica\u00e7\u00e3o das duas&#8230;<\/p>\n","protected":false},"author":2,"featured_media":24299,"comment_status":"closed","ping_status":"closed","sticky":false,"template":"","format":"standard","meta":{"footnotes":"","_joinchat":[]},"categories":[1],"tags":[],"views":780,"_links":{"self":[{"href":"https:\/\/sindpenal.org.br\/portal\/wp-json\/wp\/v2\/posts\/24284"}],"collection":[{"href":"https:\/\/sindpenal.org.br\/portal\/wp-json\/wp\/v2\/posts"}],"about":[{"href":"https:\/\/sindpenal.org.br\/portal\/wp-json\/wp\/v2\/types\/post"}],"author":[{"embeddable":true,"href":"https:\/\/sindpenal.org.br\/portal\/wp-json\/wp\/v2\/users\/2"}],"replies":[{"embeddable":true,"href":"https:\/\/sindpenal.org.br\/portal\/wp-json\/wp\/v2\/comments?post=24284"}],"version-history":[{"count":18,"href":"https:\/\/sindpenal.org.br\/portal\/wp-json\/wp\/v2\/posts\/24284\/revisions"}],"predecessor-version":[{"id":24303,"href":"https:\/\/sindpenal.org.br\/portal\/wp-json\/wp\/v2\/posts\/24284\/revisions\/24303"}],"wp:featuredmedia":[{"embeddable":true,"href":"https:\/\/sindpenal.org.br\/portal\/wp-json\/wp\/v2\/media\/24299"}],"wp:attachment":[{"href":"https:\/\/sindpenal.org.br\/portal\/wp-json\/wp\/v2\/media?parent=24284"}],"wp:term":[{"taxonomy":"category","embeddable":true,"href":"https:\/\/sindpenal.org.br\/portal\/wp-json\/wp\/v2\/categories?post=24284"},{"taxonomy":"post_tag","embeddable":true,"href":"https:\/\/sindpenal.org.br\/portal\/wp-json\/wp\/v2\/tags?post=24284"}],"curies":[{"name":"wp","href":"https:\/\/api.w.org\/{rel}","templated":true}]}}