{"id":24304,"date":"2026-02-02T11:12:19","date_gmt":"2026-02-02T14:12:19","guid":{"rendered":"https:\/\/sindpenal.org.br\/portal\/?p=24304"},"modified":"2026-02-02T11:31:31","modified_gmt":"2026-02-02T14:31:31","slug":"porte-de-arma-dos-policiais-penais-servidores-devem-comparecer-no-departamento-de-recursos-humanos-da-sua-unidade","status":"publish","type":"post","link":"https:\/\/sindpenal.org.br\/portal\/porte-de-arma-dos-policiais-penais-servidores-devem-comparecer-no-departamento-de-recursos-humanos-da-sua-unidade\/","title":{"rendered":"Porte de arma dos Policiais Penais, servidores devem comparecer no departamento de recursos humanos da sua unidade."},"content":{"rendered":"<div><\/div>\n<div><\/div>\n<div>\n<div>Com vistas ao fiel cumprimento da Portaria DGPP n\u00ba 024, que disp\u00f5e sobre o porte de arma de fogo dos policiais penais em raz\u00e3o do exerc\u00edcio de suas atribui\u00e7\u00f5es funcionais, e da Portaria DGPP n\u00ba 025, que disciplina o recolhimento cautelar e administrativo de armas de fogo, ambas de\u00a0<span id=\"m_6144056447628091209OBJ_PREFIX_DWT282_com_zimbra_date\" role=\"link\">27 de novembro<\/span> de 2025, faz-se necess\u00e1rio, no \u00e2mbito das unidades prisionais subordinadas, o atendimento \u00e0s seguintes provid\u00eancias at\u00e9 o dia 13\/02\/2026. (a data pode alterar conforme cada unidade prisional)<\/div>\n<ul>\n<li>\n<div><b>Atualiza\u00e7\u00e3o da fotografia;<\/b><\/div>\n<\/li>\n<li>\n<div><b>Inser\u00e7\u00e3o da assinatura do servidor;<\/b><\/div>\n<\/li>\n<li>\n<div><b>Solicita\u00e7\u00e3o aos policiais penais, ativos e aposentados, da apresenta\u00e7\u00e3o do Certificado de Registro de Arma de Fogo (SINARM e\/ou SIGMA), em documento original e arquivando c\u00f3pia autenticada pelo RH (confere com o original), nos respectivos prontu\u00e1rios funcionais;<\/b><\/div>\n<\/li>\n<li>\n<div><b>Solicita\u00e7\u00e3o aos policiais penais, visando a apresenta\u00e7\u00e3o da Carteira de Identidade Funcional com porte de arma de fogo (CIF emitida pelo antigo DISAP), em documento original e arquivando c\u00f3pia autenticada pelo RH (confere com o original), nos respectivos prontu\u00e1rios funcionais;<\/b><\/div>\n<\/li>\n<\/ul>\n<div>\u2002\u2002\u2002\u2002\u2002\u2002\u2002\u2002Ressalto que, obrigatoriamente, os servidores dever\u00e3o apresentar os respectivos documentos (CRAF&#8217;s e CIF) as Se\u00e7\u00f5es de Pessoal de classifica\u00e7\u00e3o, o qual\u00a0<span id=\"m_6144056447628091209OBJ_PREFIX_DWT283_com_zimbra_date\" role=\"link\">ter<\/span>\u00e1 a incumb\u00eancia de verificar a exist\u00eancia de eventuais impedimentos, conforme disposto no artigo 6\u00ba da Portaria DGPP n\u00ba 024\/2025 (em anexo), sendo as informa\u00e7\u00f5es validadas posteriormente no SISDRHU (em atualiza\u00e7\u00e3o). Ap\u00f3s esse procedimento, ser\u00e1 inserida a informa\u00e7\u00e3o de porte de arma ao servidor habilitado.<\/div>\n<div>\u2002\u2002\u2002\u2002\u2002\u2002\u2002\u2002Os casos omissos ou pendentes\u00a0<span id=\"m_6144056447628091209OBJ_PREFIX_DWT284_com_zimbra_date\" role=\"link\">ter<\/span>\u00e3o o porte de arma de fogo cancelado, em virtude do novo padr\u00e3o de c\u00e9dula funcional institu\u00eddo.<\/div>\n<div>\u2002\u2002\u2002\u2002\u2002\u2002\u2002\u2002Destarte, esclare\u00e7o que, ap\u00f3s a conclus\u00e3o dos trabalhos de atualiza\u00e7\u00e3o sist\u00eamica, ser\u00e1 emitida nova c\u00e9dula funcional padronizada, a qual substituir\u00e1 todos os modelos anteriormente expedidos, seja pela unidade prisional, seja o modelo com porte de arma, passando a constituir documento \u00fanico, a ser emitido exclusivamente pelo Departamento de Seguran\u00e7a Penal.<\/div>\n<\/div>\n<div><\/div>\n<div><a href=\"https:\/\/sindpenal.org.br\/portal\/porte-de-arma-dos-policiais-penais-servidores-devem-comparecer-no-departamento-de-recursos-humanos-da-sua-unidade\/portaria-dgpp-no-024-de-27-de-novembro-de-2025\/\" rel=\"attachment wp-att-24307\">PORTARIA DGPP N\u00ba 024, DE 27 DE NOVEMBRO DE 2025 &#8211; Disp\u00f5e sobre o porte de arma de fogo dos policiais penais em raz\u00e3o do exerc\u00edcio de suas atribui\u00e7\u00f5es funcionais.<\/a><\/div>\n<div><\/div>\n<div><a href=\"https:\/\/sindpenal.org.br\/portal\/porte-de-arma-dos-policiais-penais-servidores-devem-comparecer-no-departamento-de-recursos-humanos-da-sua-unidade\/portaria-dgpp-n-025-de-27-de-novembro-de-2025-disciplina-o-recolhimento-cautelar-e-administrativo-de-armas-de-fogo\/\" rel=\"attachment wp-att-24306\">PORTARIA DGPP N 025 DE 27 DE NOVEMBRO DE 2025 &#8211; Disciplina o recolhimento cautelar e administrativo de armas de fogo.<\/a><\/div>\n","protected":false},"excerpt":{"rendered":"<p>Com vistas ao fiel cumprimento da Portaria DGPP n\u00ba 024, que disp\u00f5e sobre o porte de arma de fogo dos policiais penais em raz\u00e3o do exerc\u00edcio de suas atribui\u00e7\u00f5es funcionais, e da Portaria DGPP n\u00ba 025, que disciplina o recolhimento cautelar e administrativo de armas de fogo, ambas de\u00a027 de novembro de 2025, faz-se necess\u00e1rio, no \u00e2mbito das unidades prisionais subordinadas, o atendimento \u00e0s seguintes provid\u00eancias at\u00e9 o dia 13\/02\/2026&#8230;.<\/p>\n","protected":false},"author":2,"featured_media":24308,"comment_status":"closed","ping_status":"closed","sticky":false,"template":"","format":"standard","meta":{"footnotes":"","_joinchat":[]},"categories":[1],"tags":[],"views":1844,"_links":{"self":[{"href":"https:\/\/sindpenal.org.br\/portal\/wp-json\/wp\/v2\/posts\/24304"}],"collection":[{"href":"https:\/\/sindpenal.org.br\/portal\/wp-json\/wp\/v2\/posts"}],"about":[{"href":"https:\/\/sindpenal.org.br\/portal\/wp-json\/wp\/v2\/types\/post"}],"author":[{"embeddable":true,"href":"https:\/\/sindpenal.org.br\/portal\/wp-json\/wp\/v2\/users\/2"}],"replies":[{"embeddable":true,"href":"https:\/\/sindpenal.org.br\/portal\/wp-json\/wp\/v2\/comments?post=24304"}],"version-history":[{"count":6,"href":"https:\/\/sindpenal.org.br\/portal\/wp-json\/wp\/v2\/posts\/24304\/revisions"}],"predecessor-version":[{"id":24313,"href":"https:\/\/sindpenal.org.br\/portal\/wp-json\/wp\/v2\/posts\/24304\/revisions\/24313"}],"wp:featuredmedia":[{"embeddable":true,"href":"https:\/\/sindpenal.org.br\/portal\/wp-json\/wp\/v2\/media\/24308"}],"wp:attachment":[{"href":"https:\/\/sindpenal.org.br\/portal\/wp-json\/wp\/v2\/media?parent=24304"}],"wp:term":[{"taxonomy":"category","embeddable":true,"href":"https:\/\/sindpenal.org.br\/portal\/wp-json\/wp\/v2\/categories?post=24304"},{"taxonomy":"post_tag","embeddable":true,"href":"https:\/\/sindpenal.org.br\/portal\/wp-json\/wp\/v2\/tags?post=24304"}],"curies":[{"name":"wp","href":"https:\/\/api.w.org\/{rel}","templated":true}]}}